{"id":6785,"date":"2016-08-17T18:39:29","date_gmt":"2016-08-17T22:39:29","guid":{"rendered":"http:\/\/www.deliciouswithout.com\/?p=6785\/"},"modified":"2017-06-18T17:51:52","modified_gmt":"2017-06-18T21:51:52","slug":"going-back-to-school-with-celiac-disease-and-allergies","status":"publish","type":"post","link":"https:\/\/www.deliciouswithout.com\/fr\/going-back-to-school-with-celiac-disease-and-allergies\/","title":{"rendered":"Going Back To School With Celiac Disease And Allergies"},"content":{"rendered":"<p>It is the back-to-school time of the year again and while most parents likely have school-night bedtimes, supplies, uniforms, bus schedules and teachers on their minds some of you are just worrying about your kids&rsquo; allergies and food sensitivities. How can you help your child navigate the classroom, the cafeteria and all the situations that they will face? What you can you do to make the transition back into the school environment?<\/p>\n<p>If they&rsquo;re in preschool or elementary they are still too young and rather helpless in matters of safe eating but before you know it they will be in the upper grades and soon moving on to high school which is a good reason to keep them as involved as possible in their own welfare. Help them to help themselves. Teach them how to thrive by showing them how to become self-sufficient when they are out on their own.<\/p>\n<div id=\"vdb-566907bde4b0f82be106433d-545db032e4b0af1a81424b48\">\n<div class=\"vdb_player \">\n<div>Meanwhile here are some reminders and new ideas to ease their way back into the school environment.<\/div>\n<div><\/div>\n<\/div>\n<div>Continue reading <a href=\"http:\/\/www.huffingtonpost.ca\/miriam-pearl\/allergies-back-to-school_b_11555304.html\">here<\/a>!<\/div>\n<\/div>\n","protected":false},"excerpt":{"rendered":"<p>It is the back-to-school time of the year again and while most parents likely have school-night bedtimes, supplies, uniforms, bus schedules and teachers on their minds some of you are just worrying about your kids&rsquo; allergies and food sensitivities. How can you help your child navigate the classroom, the cafeteria and all the situations that  [&#8230;]<\/p>\n","protected":false},"author":1,"featured_media":5552,"comment_status":"open","ping_status":"open","sticky":false,"template":"","format":"standard","meta":{"_acf_changed":false,"wprm-recipe-roundup-name":"","wprm-recipe-roundup-description":"","footnotes":""},"categories":[511],"tags":[],"class_list":["post-6785","post","type-post","status-publish","format-standard","has-post-thumbnail","hentry","category-huffington-post-fr"],"acf":[],"yoast_head":"<!-- This site is optimized with the Yoast SEO plugin v27.3 - https:\/\/yoast.com\/product\/yoast-seo-wordpress\/ -->\n<title>Going Back To School With Celiac Disease And Allergies - deliciouswithout.com<\/title>\n<meta name=\"robots\" content=\"index, follow, max-snippet:-1, max-image-preview:large, max-video-preview:-1\" \/>\n<link rel=\"canonical\" href=\"https:\/\/www.deliciouswithout.com\/fr\/going-back-to-school-with-celiac-disease-and-allergies\/\" \/>\n<meta property=\"og:locale\" content=\"fr_FR\" \/>\n<meta property=\"og:type\" content=\"article\" \/>\n<meta property=\"og:title\" content=\"Going Back To School With Celiac Disease And Allergies - deliciouswithout.com\" \/>\n<meta property=\"og:description\" content=\"It is the back-to-school time of the year again and while most parents likely have school-night bedtimes, supplies, uniforms, bus schedules and teachers on their minds some of you are just worrying about your kids&rsquo; allergies and food sensitivities. How can you help your child navigate the classroom, the cafeteria and all the situations that [...]\" \/>\n<meta property=\"og:url\" content=\"https:\/\/www.deliciouswithout.com\/fr\/going-back-to-school-with-celiac-disease-and-allergies\/\" \/>\n<meta property=\"og:site_name\" content=\"deliciouswithout.com\" \/>\n<meta property=\"article:published_time\" content=\"2016-08-17T22:39:29+00:00\" \/>\n<meta property=\"article:modified_time\" content=\"2017-06-18T21:51:52+00:00\" \/>\n<meta property=\"og:image\" content=\"https:\/\/www.deliciouswithout.com\/wp-content\/uploads\/2016\/08\/n-BACK-TO-SCHOOL-large570.jpg\" \/>\n\t<meta property=\"og:image:width\" content=\"570\" \/>\n\t<meta property=\"og:image:height\" content=\"238\" \/>\n\t<meta property=\"og:image:type\" content=\"image\/jpeg\" \/>\n<meta name=\"author\" content=\"DWG\" \/>\n<meta name=\"twitter:label1\" content=\"\u00c9crit par\" \/>\n\t<meta name=\"twitter:data1\" content=\"DWG\" \/>\n\t<meta name=\"twitter:label2\" content=\"Dur\u00e9e de lecture estim\u00e9e\" \/>\n\t<meta name=\"twitter:data2\" content=\"1 minute\" \/>\n<script type=\"application\/ld+json\" class=\"yoast-schema-graph\">{\"@context\":\"https:\\\/\\\/schema.org\",\"@graph\":[{\"@type\":\"Article\",\"@id\":\"https:\\\/\\\/www.deliciouswithout.com\\\/fr\\\/going-back-to-school-with-celiac-disease-and-allergies\\\/#article\",\"isPartOf\":{\"@id\":\"https:\\\/\\\/www.deliciouswithout.com\\\/fr\\\/going-back-to-school-with-celiac-disease-and-allergies\\\/\"},\"author\":{\"name\":\"DWG\",\"@id\":\"https:\\\/\\\/www.deliciouswithout.com\\\/fr\\\/#\\\/schema\\\/person\\\/3bc3068772db00d6826f43e4a9280e06\"},\"headline\":\"Going Back To School With Celiac Disease And Allergies\",\"datePublished\":\"2016-08-17T22:39:29+00:00\",\"dateModified\":\"2017-06-18T21:51:52+00:00\",\"mainEntityOfPage\":{\"@id\":\"https:\\\/\\\/www.deliciouswithout.com\\\/fr\\\/going-back-to-school-with-celiac-disease-and-allergies\\\/\"},\"wordCount\":180,\"commentCount\":0,\"image\":{\"@id\":\"https:\\\/\\\/www.deliciouswithout.com\\\/fr\\\/going-back-to-school-with-celiac-disease-and-allergies\\\/#primaryimage\"},\"thumbnailUrl\":\"https:\\\/\\\/www.deliciouswithout.com\\\/wp-content\\\/uploads\\\/2016\\\/08\\\/n-BACK-TO-SCHOOL-large570.jpg\",\"articleSection\":[\"Huffington Post\"],\"inLanguage\":\"fr-FR\",\"potentialAction\":[{\"@type\":\"CommentAction\",\"name\":\"Comment\",\"target\":[\"https:\\\/\\\/www.deliciouswithout.com\\\/fr\\\/going-back-to-school-with-celiac-disease-and-allergies\\\/#respond\"]}]},{\"@type\":\"WebPage\",\"@id\":\"https:\\\/\\\/www.deliciouswithout.com\\\/fr\\\/going-back-to-school-with-celiac-disease-and-allergies\\\/\",\"url\":\"https:\\\/\\\/www.deliciouswithout.com\\\/fr\\\/going-back-to-school-with-celiac-disease-and-allergies\\\/\",\"name\":\"Going Back To School With Celiac Disease And Allergies - deliciouswithout.com\",\"isPartOf\":{\"@id\":\"https:\\\/\\\/www.deliciouswithout.com\\\/fr\\\/#website\"},\"primaryImageOfPage\":{\"@id\":\"https:\\\/\\\/www.deliciouswithout.com\\\/fr\\\/going-back-to-school-with-celiac-disease-and-allergies\\\/#primaryimage\"},\"image\":{\"@id\":\"https:\\\/\\\/www.deliciouswithout.com\\\/fr\\\/going-back-to-school-with-celiac-disease-and-allergies\\\/#primaryimage\"},\"thumbnailUrl\":\"https:\\\/\\\/www.deliciouswithout.com\\\/wp-content\\\/uploads\\\/2016\\\/08\\\/n-BACK-TO-SCHOOL-large570.jpg\",\"datePublished\":\"2016-08-17T22:39:29+00:00\",\"dateModified\":\"2017-06-18T21:51:52+00:00\",\"author\":{\"@id\":\"https:\\\/\\\/www.deliciouswithout.com\\\/fr\\\/#\\\/schema\\\/person\\\/3bc3068772db00d6826f43e4a9280e06\"},\"breadcrumb\":{\"@id\":\"https:\\\/\\\/www.deliciouswithout.com\\\/fr\\\/going-back-to-school-with-celiac-disease-and-allergies\\\/#breadcrumb\"},\"inLanguage\":\"fr-FR\",\"potentialAction\":[{\"@type\":\"ReadAction\",\"target\":[\"https:\\\/\\\/www.deliciouswithout.com\\\/fr\\\/going-back-to-school-with-celiac-disease-and-allergies\\\/\"]}]},{\"@type\":\"ImageObject\",\"inLanguage\":\"fr-FR\",\"@id\":\"https:\\\/\\\/www.deliciouswithout.com\\\/fr\\\/going-back-to-school-with-celiac-disease-and-allergies\\\/#primaryimage\",\"url\":\"https:\\\/\\\/www.deliciouswithout.com\\\/wp-content\\\/uploads\\\/2016\\\/08\\\/n-BACK-TO-SCHOOL-large570.jpg\",\"contentUrl\":\"https:\\\/\\\/www.deliciouswithout.com\\\/wp-content\\\/uploads\\\/2016\\\/08\\\/n-BACK-TO-SCHOOL-large570.jpg\",\"width\":570,\"height\":238,\"caption\":\"Going to school\"},{\"@type\":\"BreadcrumbList\",\"@id\":\"https:\\\/\\\/www.deliciouswithout.com\\\/fr\\\/going-back-to-school-with-celiac-disease-and-allergies\\\/#breadcrumb\",\"itemListElement\":[{\"@type\":\"ListItem\",\"position\":1,\"name\":\"Accueil\",\"item\":\"https:\\\/\\\/www.deliciouswithout.com\\\/fr\\\/\"},{\"@type\":\"ListItem\",\"position\":2,\"name\":\"Going Back To School With Celiac Disease And Allergies\"}]},{\"@type\":\"WebSite\",\"@id\":\"https:\\\/\\\/www.deliciouswithout.com\\\/fr\\\/#website\",\"url\":\"https:\\\/\\\/www.deliciouswithout.com\\\/fr\\\/\",\"name\":\"deliciouswithout.com\",\"description\":\"D\u00e9licieux Sans Gluten, Produits Latiers, Arachides, Noix\",\"potentialAction\":[{\"@type\":\"SearchAction\",\"target\":{\"@type\":\"EntryPoint\",\"urlTemplate\":\"https:\\\/\\\/www.deliciouswithout.com\\\/fr\\\/?s={search_term_string}\"},\"query-input\":{\"@type\":\"PropertyValueSpecification\",\"valueRequired\":true,\"valueName\":\"search_term_string\"}}],\"inLanguage\":\"fr-FR\"},{\"@type\":\"Person\",\"@id\":\"https:\\\/\\\/www.deliciouswithout.com\\\/fr\\\/#\\\/schema\\\/person\\\/3bc3068772db00d6826f43e4a9280e06\",\"name\":\"DWG\",\"image\":{\"@type\":\"ImageObject\",\"inLanguage\":\"fr-FR\",\"@id\":\"https:\\\/\\\/secure.gravatar.com\\\/avatar\\\/0c9b9a297bac0fe569897a7eebe4d005c77648695cd17d9db53a601163232555?s=96&d=mm&r=g\",\"url\":\"https:\\\/\\\/secure.gravatar.com\\\/avatar\\\/0c9b9a297bac0fe569897a7eebe4d005c77648695cd17d9db53a601163232555?s=96&d=mm&r=g\",\"contentUrl\":\"https:\\\/\\\/secure.gravatar.com\\\/avatar\\\/0c9b9a297bac0fe569897a7eebe4d005c77648695cd17d9db53a601163232555?s=96&d=mm&r=g\",\"caption\":\"DWG\"},\"sameAs\":[\"http:\\\/\\\/www.deliciouswithout.com\",\"https:\\\/\\\/x.com\\\/delishnogluten\"]}]}<\/script>\n<!-- \/ Yoast SEO plugin. -->","yoast_head_json":{"title":"Going Back To School With Celiac Disease And Allergies - deliciouswithout.com","robots":{"index":"index","follow":"follow","max-snippet":"max-snippet:-1","max-image-preview":"max-image-preview:large","max-video-preview":"max-video-preview:-1"},"canonical":"https:\/\/www.deliciouswithout.com\/fr\/going-back-to-school-with-celiac-disease-and-allergies\/","og_locale":"fr_FR","og_type":"article","og_title":"Going Back To School With Celiac Disease And Allergies - deliciouswithout.com","og_description":"It is the back-to-school time of the year again and while most parents likely have school-night bedtimes, supplies, uniforms, bus schedules and teachers on their minds some of you are just worrying about your kids&rsquo; allergies and food sensitivities. How can you help your child navigate the classroom, the cafeteria and all the situations that [...]","og_url":"https:\/\/www.deliciouswithout.com\/fr\/going-back-to-school-with-celiac-disease-and-allergies\/","og_site_name":"deliciouswithout.com","article_published_time":"2016-08-17T22:39:29+00:00","article_modified_time":"2017-06-18T21:51:52+00:00","og_image":[{"width":570,"height":238,"url":"https:\/\/www.deliciouswithout.com\/wp-content\/uploads\/2016\/08\/n-BACK-TO-SCHOOL-large570.jpg","type":"image\/jpeg"}],"author":"DWG","twitter_misc":{"\u00c9crit par":"DWG","Dur\u00e9e de lecture estim\u00e9e":"1 minute"},"schema":{"@context":"https:\/\/schema.org","@graph":[{"@type":"Article","@id":"https:\/\/www.deliciouswithout.com\/fr\/going-back-to-school-with-celiac-disease-and-allergies\/#article","isPartOf":{"@id":"https:\/\/www.deliciouswithout.com\/fr\/going-back-to-school-with-celiac-disease-and-allergies\/"},"author":{"name":"DWG","@id":"https:\/\/www.deliciouswithout.com\/fr\/#\/schema\/person\/3bc3068772db00d6826f43e4a9280e06"},"headline":"Going Back To School With Celiac Disease And Allergies","datePublished":"2016-08-17T22:39:29+00:00","dateModified":"2017-06-18T21:51:52+00:00","mainEntityOfPage":{"@id":"https:\/\/www.deliciouswithout.com\/fr\/going-back-to-school-with-celiac-disease-and-allergies\/"},"wordCount":180,"commentCount":0,"image":{"@id":"https:\/\/www.deliciouswithout.com\/fr\/going-back-to-school-with-celiac-disease-and-allergies\/#primaryimage"},"thumbnailUrl":"https:\/\/www.deliciouswithout.com\/wp-content\/uploads\/2016\/08\/n-BACK-TO-SCHOOL-large570.jpg","articleSection":["Huffington Post"],"inLanguage":"fr-FR","potentialAction":[{"@type":"CommentAction","name":"Comment","target":["https:\/\/www.deliciouswithout.com\/fr\/going-back-to-school-with-celiac-disease-and-allergies\/#respond"]}]},{"@type":"WebPage","@id":"https:\/\/www.deliciouswithout.com\/fr\/going-back-to-school-with-celiac-disease-and-allergies\/","url":"https:\/\/www.deliciouswithout.com\/fr\/going-back-to-school-with-celiac-disease-and-allergies\/","name":"Going Back To School With Celiac Disease And Allergies - deliciouswithout.com","isPartOf":{"@id":"https:\/\/www.deliciouswithout.com\/fr\/#website"},"primaryImageOfPage":{"@id":"https:\/\/www.deliciouswithout.com\/fr\/going-back-to-school-with-celiac-disease-and-allergies\/#primaryimage"},"image":{"@id":"https:\/\/www.deliciouswithout.com\/fr\/going-back-to-school-with-celiac-disease-and-allergies\/#primaryimage"},"thumbnailUrl":"https:\/\/www.deliciouswithout.com\/wp-content\/uploads\/2016\/08\/n-BACK-TO-SCHOOL-large570.jpg","datePublished":"2016-08-17T22:39:29+00:00","dateModified":"2017-06-18T21:51:52+00:00","author":{"@id":"https:\/\/www.deliciouswithout.com\/fr\/#\/schema\/person\/3bc3068772db00d6826f43e4a9280e06"},"breadcrumb":{"@id":"https:\/\/www.deliciouswithout.com\/fr\/going-back-to-school-with-celiac-disease-and-allergies\/#breadcrumb"},"inLanguage":"fr-FR","potentialAction":[{"@type":"ReadAction","target":["https:\/\/www.deliciouswithout.com\/fr\/going-back-to-school-with-celiac-disease-and-allergies\/"]}]},{"@type":"ImageObject","inLanguage":"fr-FR","@id":"https:\/\/www.deliciouswithout.com\/fr\/going-back-to-school-with-celiac-disease-and-allergies\/#primaryimage","url":"https:\/\/www.deliciouswithout.com\/wp-content\/uploads\/2016\/08\/n-BACK-TO-SCHOOL-large570.jpg","contentUrl":"https:\/\/www.deliciouswithout.com\/wp-content\/uploads\/2016\/08\/n-BACK-TO-SCHOOL-large570.jpg","width":570,"height":238,"caption":"Going to school"},{"@type":"BreadcrumbList","@id":"https:\/\/www.deliciouswithout.com\/fr\/going-back-to-school-with-celiac-disease-and-allergies\/#breadcrumb","itemListElement":[{"@type":"ListItem","position":1,"name":"Accueil","item":"https:\/\/www.deliciouswithout.com\/fr\/"},{"@type":"ListItem","position":2,"name":"Going Back To School With Celiac Disease And Allergies"}]},{"@type":"WebSite","@id":"https:\/\/www.deliciouswithout.com\/fr\/#website","url":"https:\/\/www.deliciouswithout.com\/fr\/","name":"deliciouswithout.com","description":"D\u00e9licieux Sans Gluten, Produits Latiers, Arachides, Noix","potentialAction":[{"@type":"SearchAction","target":{"@type":"EntryPoint","urlTemplate":"https:\/\/www.deliciouswithout.com\/fr\/?s={search_term_string}"},"query-input":{"@type":"PropertyValueSpecification","valueRequired":true,"valueName":"search_term_string"}}],"inLanguage":"fr-FR"},{"@type":"Person","@id":"https:\/\/www.deliciouswithout.com\/fr\/#\/schema\/person\/3bc3068772db00d6826f43e4a9280e06","name":"DWG","image":{"@type":"ImageObject","inLanguage":"fr-FR","@id":"https:\/\/secure.gravatar.com\/avatar\/0c9b9a297bac0fe569897a7eebe4d005c77648695cd17d9db53a601163232555?s=96&d=mm&r=g","url":"https:\/\/secure.gravatar.com\/avatar\/0c9b9a297bac0fe569897a7eebe4d005c77648695cd17d9db53a601163232555?s=96&d=mm&r=g","contentUrl":"https:\/\/secure.gravatar.com\/avatar\/0c9b9a297bac0fe569897a7eebe4d005c77648695cd17d9db53a601163232555?s=96&d=mm&r=g","caption":"DWG"},"sameAs":["http:\/\/www.deliciouswithout.com","https:\/\/x.com\/delishnogluten"]}]}},"_links":{"self":[{"href":"https:\/\/www.deliciouswithout.com\/fr\/wp-json\/wp\/v2\/posts\/6785","targetHints":{"allow":["GET"]}}],"collection":[{"href":"https:\/\/www.deliciouswithout.com\/fr\/wp-json\/wp\/v2\/posts"}],"about":[{"href":"https:\/\/www.deliciouswithout.com\/fr\/wp-json\/wp\/v2\/types\/post"}],"author":[{"embeddable":true,"href":"https:\/\/www.deliciouswithout.com\/fr\/wp-json\/wp\/v2\/users\/1"}],"replies":[{"embeddable":true,"href":"https:\/\/www.deliciouswithout.com\/fr\/wp-json\/wp\/v2\/comments?post=6785"}],"version-history":[{"count":0,"href":"https:\/\/www.deliciouswithout.com\/fr\/wp-json\/wp\/v2\/posts\/6785\/revisions"}],"wp:featuredmedia":[{"embeddable":true,"href":"https:\/\/www.deliciouswithout.com\/fr\/wp-json\/wp\/v2\/media\/5552"}],"wp:attachment":[{"href":"https:\/\/www.deliciouswithout.com\/fr\/wp-json\/wp\/v2\/media?parent=6785"}],"wp:term":[{"taxonomy":"category","embeddable":true,"href":"https:\/\/www.deliciouswithout.com\/fr\/wp-json\/wp\/v2\/categories?post=6785"},{"taxonomy":"post_tag","embeddable":true,"href":"https:\/\/www.deliciouswithout.com\/fr\/wp-json\/wp\/v2\/tags?post=6785"}],"curies":[{"name":"wp","href":"https:\/\/api.w.org\/{rel}","templated":true}]}}